{"id":630,"date":"2025-10-31T09:47:57","date_gmt":"2025-10-31T09:47:57","guid":{"rendered":"https:\/\/paukert.ch\/new\/?p=630"},"modified":"2026-03-19T10:48:34","modified_gmt":"2026-03-19T10:48:34","slug":"xmas-engel","status":"publish","type":"post","link":"https:\/\/paukert.ch\/new\/2025\/10\/31\/xmas-engel\/","title":{"rendered":"xmas &#8211; Engel"},"content":{"rendered":"\n<p><strong>Der Engel der nicht singen wollte<\/strong><br>von Werner Reiser<\/p>\n\n\n\n<p>Als die Menge der himmlischen Heerscharen \u00fcber den Feldern von Betlehem jubelte: &#8222;Ehre sei Gott in der H\u00f6he und Friede den Menschen auf Erden&#8220;, h\u00f6rte ein kleiner Engel pl\u00f6tzlich zu singen auf. Obwohl er im unendlichen Chor nur eine kleine Stimme war, machte sich sein Schweigen doch bemerkbar. Engel singen in geschlossenen Reihen, da f\u00e4llt jede L\u00fccke sogleich auf. Die S\u00e4nger neben ihm stutzten und setzten ebenfalls aus. Das Schweigen pflanzte sich rasch fort und h\u00e4tte beinahe den ganzen Chor ins Wanken gebracht, wenn nicht einige unbeirrbare Gro\u00dfengel mit kr\u00e4ftigem Anschwellen der Stimmen den Zusammenbruch des Gesanges verhindert h\u00e4tten. Einer von ihnen ging dem gef\u00e4hrlichen Schweigen nach. Mit bew\u00e4hrtem Kopfnicken ordnete er das weitere Singen in der Umgebung und wandte sich dem kleinen Engel zu.<\/p>\n\n\n\n<figure class=\"wp-block-image size-large\"><img loading=\"lazy\" decoding=\"async\" width=\"1024\" height=\"576\" src=\"https:\/\/paukert.ch\/new\/wp-content\/uploads\/2025\/10\/engel-1024x576.jpeg\" alt=\"\" class=\"wp-image-631\" srcset=\"https:\/\/paukert.ch\/new\/wp-content\/uploads\/2025\/10\/engel-1024x576.jpeg 1024w, https:\/\/paukert.ch\/new\/wp-content\/uploads\/2025\/10\/engel-300x169.jpeg 300w, https:\/\/paukert.ch\/new\/wp-content\/uploads\/2025\/10\/engel-768x432.jpeg 768w, https:\/\/paukert.ch\/new\/wp-content\/uploads\/2025\/10\/engel.jpeg 1200w\" sizes=\"auto, (max-width: 1024px) 100vw, 1024px\" \/><\/figure>\n\n\n\n<p>Warum willst du nicht singen?&#8220; fragte er ihn streng. Er antwortete: &#8222;Ich wollte ja singen. Ich habe meinen Part gesungen bis zum &#8222;Ehre sei Gott in der H\u00f6he&#8220;. Aber als dann das mit dem &#8222;Frieden auf Erden unter den Menschen&#8220; kam, konnte ich nicht mehr weiter mitsingen. Auf einmal sah ich die vielen Soldaten in diesem Land und in allen L\u00e4ndern. Immer und \u00fcberall verbreiten sie Krieg und Schrecken, bringen Junge und Alte um und nennen das Frieden. Und auch wo nicht Soldaten sind, herrschen Streit und Gewalt, fliegen F\u00e4uste und b\u00f6se Worte zwischen den Menschen und regiert die Bitterkeit gegen Andersdenkende. Es ist nicht wahr, da\u00df auf Erden Friede unter den Menschen ist, und ich singe nicht gegen meine \u00dcberzeugung! Ich merke doch den Unterschied zwischen dem, was wir singen, und dem, was auf Erden ist. Er ist f\u00fcr mein Empfinden zu gro\u00df, und ich halte diese Spannung nicht l\u00e4nger aus.&#8220;<\/p>\n\n\n\n<p>Der gro\u00dfe Engel schaute ihn lange schweigend an. Er sah wie abwesend aus. Es war, als ob er auf eine h\u00f6here Weisung lauschen w\u00fcrde. Dann nickte er und begann zu reden: &#8222;Gut. Du leidest am Zwiespalt zwischen Himmel und Erde, zwischen der H\u00f6he und der Tiefe. So wisse denn, da\u00df in dieser Nacht eben dieser Zwiespalt \u00fcberbr\u00fcckt wurde. Dieses Kind, das geboren wurde und um dessen Zukunft du dir Sorgen machst, soll unseren Frieden in die Welt bringen. Gott gibt in dieser Nacht seinen Frieden allen und will auch den Streit der Menschen gegen ihn beenden. Deshalb singen wir, auch wenn die Menschen dieses Geheimnis mit all seinen Auswirkungen noch nicht h\u00f6ren und verstehen. Wir \u00fcbert\u00f6nen mit unserem Gesang nicht den Zwiespalt, wie du meinst. Wir singen das neue Lied.&#8220; Der kleine Engel rief: &#8222;Wenn es so ist, singe ich gerne weiter.&#8220;<\/p>\n\n\n\n<p>Der Gro\u00dfe sch\u00fcttelte den Kopf und sprach: &#8222;Du wirst nicht mitsingen. Du wirst einen anderen Dienst \u00fcbernehmen. Du wirst nicht mit uns in die H\u00f6he zur\u00fcckkehren. Du wirst von heute an den Frieden Gottes und dieses Kindes zu den Menschen tragen. Tag und Nacht wirst du unterwegs sein. Du sollst an ihre H\u00e4user pochen und ihnen die Sehnsucht nach ihm in die Herzen legen. Du mu\u00dft bei ihren trotzigen und langwierigen Verhandlungen dabeisein und mitten ins Gewirr der Meinungen und Drohungen deinen Gedanken fallen lassen. Du mu\u00dft ihre heuchlerischen Worte aufdecken und die anderen gegen die falschen T\u00f6ne mi\u00dftrauisch machen. Sie werden dir die T\u00fcre weisen, aber du wirst auf den Schwellen sitzen bleiben und hartn\u00e4ckig warten. Du mu\u00dft die Unschuldigen unter deine Fl\u00fcgel nehmen und ihr Geschrei an uns weiterleiten. Du wirst nichts zu singen haben, du wirst viel zu weinen und zu klagen haben. Du hast es so gewollt. Du liebst die Wahrheit mehr als das Gotteslob. Dieses Merkmal deines Wesens wird nun zu deinem Auftrag. Und nun geh. Unser Gesang wird dich begleiten, damit du nie vergissest, da\u00df der Friede in dieser Nacht zur Welt gekommen ist.&#8220;<\/p>\n\n\n\n<p>Der kleine Engel war unter diesen Worten zuerst noch kleiner, dann aber gr\u00f6\u00dfer und gr\u00f6\u00dfer geworden, ohne da\u00df er es selber merkte. Er setzte seinen Fu\u00df auf die Felder von Betlehem. Er wanderte mit den Hirten zu dem Kind in der Krippe und \u00f6ffnete ihnen die Herzen, da\u00df sie verstanden, was sie sahen. Dann ging er in die weite Welt und begann zu wirken. Angefochten und immer neu verwundet, tut er seither seinen Dienst und sorgt daf\u00fcr, da\u00df die Sehnsucht nach dem Frieden nie mehr verschwindet, sondern w\u00e4chst, Menschen beunruhigt und dazu antreibt, Frieden zu suchen und zu schaffen. Wer sich ihm \u00f6ffnet und ihm hilft, h\u00f6rt pl\u00f6tzlich wie von ferne einen Gesang, der ihn ermutigt, das Werk des Friedens unter den Menschen weiterzuf\u00fchren.<\/p>\n","protected":false},"excerpt":{"rendered":"<p>Der Engel der nicht singen wolltevon Werner Reiser Als die Menge der himmlischen Heerscharen \u00fcber den Feldern von Betlehem jubelte: &#8222;Ehre sei Gott in der H\u00f6he und Friede den Menschen auf Erden&#8220;, h\u00f6rte ein kleiner Engel pl\u00f6tzlich zu singen auf. Obwohl er im unendlichen Chor nur eine kleine Stimme war, machte sich sein Schweigen doch&#8230;<\/p>\n","protected":false},"author":1,"featured_media":631,"comment_status":"closed","ping_status":"closed","sticky":false,"template":"","format":"standard","meta":{"_kadence_starter_templates_imported_post":false,"_kad_post_transparent":"","_kad_post_title":"","_kad_post_layout":"right","_kad_post_sidebar_id":"sk694_448vre","_kad_post_content_style":"","_kad_post_vertical_padding":"","_kad_post_feature":"","_kad_post_feature_position":"","_kad_post_header":false,"_kad_post_footer":false,"_kad_post_classname":"","footnotes":""},"categories":[11],"tags":[],"class_list":["post-630","post","type-post","status-publish","format-standard","has-post-thumbnail","hentry","category-geschichten"],"_links":{"self":[{"href":"https:\/\/paukert.ch\/new\/wp-json\/wp\/v2\/posts\/630","targetHints":{"allow":["GET"]}}],"collection":[{"href":"https:\/\/paukert.ch\/new\/wp-json\/wp\/v2\/posts"}],"about":[{"href":"https:\/\/paukert.ch\/new\/wp-json\/wp\/v2\/types\/post"}],"author":[{"embeddable":true,"href":"https:\/\/paukert.ch\/new\/wp-json\/wp\/v2\/users\/1"}],"replies":[{"embeddable":true,"href":"https:\/\/paukert.ch\/new\/wp-json\/wp\/v2\/comments?post=630"}],"version-history":[{"count":2,"href":"https:\/\/paukert.ch\/new\/wp-json\/wp\/v2\/posts\/630\/revisions"}],"predecessor-version":[{"id":2358,"href":"https:\/\/paukert.ch\/new\/wp-json\/wp\/v2\/posts\/630\/revisions\/2358"}],"wp:featuredmedia":[{"embeddable":true,"href":"https:\/\/paukert.ch\/new\/wp-json\/wp\/v2\/media\/631"}],"wp:attachment":[{"href":"https:\/\/paukert.ch\/new\/wp-json\/wp\/v2\/media?parent=630"}],"wp:term":[{"taxonomy":"category","embeddable":true,"href":"https:\/\/paukert.ch\/new\/wp-json\/wp\/v2\/categories?post=630"},{"taxonomy":"post_tag","embeddable":true,"href":"https:\/\/paukert.ch\/new\/wp-json\/wp\/v2\/tags?post=630"}],"curies":[{"name":"wp","href":"https:\/\/api.w.org\/{rel}","templated":true}]}}