{"id":576,"date":"2025-10-31T07:30:39","date_gmt":"2025-10-31T07:30:39","guid":{"rendered":"https:\/\/paukert.ch\/new\/?p=576"},"modified":"2026-03-19T10:47:23","modified_gmt":"2026-03-19T10:47:23","slug":"weihnachtsgeschichten","status":"publish","type":"post","link":"https:\/\/paukert.ch\/new\/2025\/10\/31\/weihnachtsgeschichten\/","title":{"rendered":"Xmas Baumwollfaden"},"content":{"rendered":"\n<h2 class=\"wp-block-heading\"><strong>Der Baumwollfaden<\/strong><\/h2>\n\n\n\n<p><\/p>\n\n\n\n<figure class=\"wp-block-image size-large\"><img loading=\"lazy\" decoding=\"async\" width=\"1024\" height=\"576\" src=\"https:\/\/paukert.ch\/new\/wp-content\/uploads\/2025\/10\/kerze-1024x576.webp\" alt=\"\" class=\"wp-image-672\" srcset=\"https:\/\/paukert.ch\/new\/wp-content\/uploads\/2025\/10\/kerze-1024x576.webp 1024w, https:\/\/paukert.ch\/new\/wp-content\/uploads\/2025\/10\/kerze-300x169.webp 300w, https:\/\/paukert.ch\/new\/wp-content\/uploads\/2025\/10\/kerze-768x432.webp 768w, https:\/\/paukert.ch\/new\/wp-content\/uploads\/2025\/10\/kerze.webp 1200w\" sizes=\"auto, (max-width: 1024px) 100vw, 1024px\" \/><\/figure>\n\n\n\n<p>Es war einmal ein kleiner Baumwollfaden, der hatte Angst, dass es nicht ausreicht, so, wie er war: &#8222;F\u00fcr ein Schiffstau bin ich viel zu schwach&#8220;, sagte er sich, &#8222;und f\u00fcr einen Pullover zu kurz. An andere anzukn\u00fcpfen, habe ich viel zu viele Hemmungen. F\u00fcr eine Stickerei eigne ich mich auch nicht, dazu bin ich zu blass und farblos. Ja, wenn ich aus Lurex w\u00e4re, dann k\u00f6nnte ich eine Stola verzieren oder ein Kleid. Aber so?! Es reicht nicht! Was kann ich schon? Niemand braucht mich. Niemand mag mich &#8211; und ich mich selbst am wenigsten.&#8220;<\/p>\n\n\n\n<p>So sprach der kleine Baumwollfaden, legte traurige Musik auf und f\u00fchlte sich ganz niedergeschlagen in seinem Selbstmitleid.<\/p>\n\n\n\n<p>Da klopfte ein Kl\u00fcmpchen Wachs an seine T\u00fcr und sagte: &#8222;Lass dich doch nicht so h\u00e4ngen, du Baumwollfaden. Ich hab&#8216; da so eine Idee: Wir beide tun uns zusammen. F\u00fcr eine Osterkerze bist du zwar als Docht zu kurz und ich hab&#8216; daf\u00fcr nicht genug Wachs, aber f\u00fcr ein Teelicht reicht es allemal. Es ist doch viel besser, ein kleines Licht anzuz\u00fcnden, als immer nur \u00fcber die Dunkelheit zu jammern!&#8220;<\/p>\n\n\n\n<p>Da war der kleine Baumwollfaden ganz gl\u00fccklich, tat sich mit dem Kl\u00fcmpchen Wachs zusammen und sagte: &#8222;Nun hat mein Dasein doch einen Sinn.&#8220;<\/p>\n\n\n\n<p>Und wer weiss, vielleicht gibt es in der Welt noch mehr kurze Baumwollf\u00e4den und kleine Wachskl\u00fcmpchen, die sich zusammentun k\u00f6nnten, um der Welt zu leuchten?!<\/p>\n","protected":false},"excerpt":{"rendered":"<p>Der Baumwollfaden Es war einmal ein kleiner Baumwollfaden, der hatte Angst, dass es nicht ausreicht, so, wie er war: &#8222;F\u00fcr ein Schiffstau bin ich viel zu schwach&#8220;, sagte er sich, &#8222;und f\u00fcr einen Pullover zu kurz. An andere anzukn\u00fcpfen, habe ich viel zu viele Hemmungen. F\u00fcr eine Stickerei eigne ich mich auch nicht, dazu bin&#8230;<\/p>\n","protected":false},"author":1,"featured_media":672,"comment_status":"open","ping_status":"open","sticky":false,"template":"","format":"standard","meta":{"_kadence_starter_templates_imported_post":false,"_kad_post_transparent":"","_kad_post_title":"","_kad_post_layout":"right","_kad_post_sidebar_id":"sk694_448vre","_kad_post_content_style":"boxed","_kad_post_vertical_padding":"","_kad_post_feature":"","_kad_post_feature_position":"","_kad_post_header":false,"_kad_post_footer":false,"_kad_post_classname":"","footnotes":""},"categories":[11],"tags":[],"class_list":["post-576","post","type-post","status-publish","format-standard","has-post-thumbnail","hentry","category-geschichten"],"_links":{"self":[{"href":"https:\/\/paukert.ch\/new\/wp-json\/wp\/v2\/posts\/576","targetHints":{"allow":["GET"]}}],"collection":[{"href":"https:\/\/paukert.ch\/new\/wp-json\/wp\/v2\/posts"}],"about":[{"href":"https:\/\/paukert.ch\/new\/wp-json\/wp\/v2\/types\/post"}],"author":[{"embeddable":true,"href":"https:\/\/paukert.ch\/new\/wp-json\/wp\/v2\/users\/1"}],"replies":[{"embeddable":true,"href":"https:\/\/paukert.ch\/new\/wp-json\/wp\/v2\/comments?post=576"}],"version-history":[{"count":10,"href":"https:\/\/paukert.ch\/new\/wp-json\/wp\/v2\/posts\/576\/revisions"}],"predecessor-version":[{"id":2692,"href":"https:\/\/paukert.ch\/new\/wp-json\/wp\/v2\/posts\/576\/revisions\/2692"}],"wp:featuredmedia":[{"embeddable":true,"href":"https:\/\/paukert.ch\/new\/wp-json\/wp\/v2\/media\/672"}],"wp:attachment":[{"href":"https:\/\/paukert.ch\/new\/wp-json\/wp\/v2\/media?parent=576"}],"wp:term":[{"taxonomy":"category","embeddable":true,"href":"https:\/\/paukert.ch\/new\/wp-json\/wp\/v2\/categories?post=576"},{"taxonomy":"post_tag","embeddable":true,"href":"https:\/\/paukert.ch\/new\/wp-json\/wp\/v2\/tags?post=576"}],"curies":[{"name":"wp","href":"https:\/\/api.w.org\/{rel}","templated":true}]}}