{"id":2646,"date":"2026-01-29T08:44:34","date_gmt":"2026-01-29T08:44:34","guid":{"rendered":"https:\/\/paukert.ch\/new\/?p=2646"},"modified":"2026-03-19T10:21:53","modified_gmt":"2026-03-19T10:21:53","slug":"ice-immigration-and-customs-enforcement","status":"publish","type":"post","link":"https:\/\/paukert.ch\/new\/2026\/01\/29\/ice-immigration-and-customs-enforcement\/","title":{"rendered":"ICE &#8211; USA"},"content":{"rendered":"<style>.kb-gallery-id-2646_1c30b8-71.kb-gallery-ul.kb-gallery-type-fluidcarousel .kt-blocks-carousel figure .kb-gal-image-radius, .kb-gallery-id-2646_1c30b8-71.kb-gallery-ul.kb-gallery-type-fluidcarousel .kt-blocks-carousel figure .kb-gal-image-radius img{height:300px;}.kb-gallery-id-2646_1c30b8-71 .kadence-blocks-gallery-item .kb-gal-image-radius, .kb-gallery-id-2646_1c30b8-71 .kb-slide-item .kb-gal-image-radius img{border-radius:0px 0px 0px 0px;;}.kb-gallery-wrap-id-2646_1c30b8-71.wp-block-kadence-advancedgallery{overflow:visible;}.kb-gallery-wrap-id-2646_1c30b8-71.wp-block-kadence-advancedgallery .kt-blocks-carousel{overflow:visible;max-width:100%;}<\/style><div class=\"kb-gallery-wrap-id-2646_1c30b8-71 alignnone wp-block-kadence-advancedgallery\"><div class=\"kb-gallery-ul kb-gallery-non-static kb-gallery-type-fluidcarousel kb-gallery-id-2646_1c30b8-71 kb-gallery-caption-style-bottom-hover kb-gallery-filter-none\" data-image-filter=\"none\" data-lightbox-caption=\"true\"><div class=\"kt-blocks-carousel splide kt-carousel-container-dotstyle-dark kt-carousel-arrowstyle-whiteondark kt-carousel-dotstyle-dark kb-slider-group-arrow kb-slider-arrow-position-center\" data-slider-anim-speed=\"400\" data-slider-scroll=\"1\" data-slider-arrows=\"true\" data-slider-dots=\"true\" data-slider-hover-pause=\"false\" data-slider-auto=\"\" data-slider-speed=\"7000\" data-slider-type=\"fluidcarousel\" data-slider-center-mode=\"true\" data-slider-gap=\"10px\" data-slider-gap-tablet=\"10px\" data-slider-gap-mobile=\"10px\" data-show-pause-button=\"false\"><div class=\"splide__track\"><ul class=\"kt-blocks-carousel-init kb-blocks-fluid-carousel splide__list\"><li class=\"kb-slide-item kb-gallery-carousel-item splide__slide\"><div class=\"kadence-blocks-gallery-item\"><div class=\"kadence-blocks-gallery-item-inner\"><figure class=\"kb-gallery-figure kadence-blocks-gallery-item-hide-caption\"><div class=\"kb-gal-image-radius\"><div class=\"kb-gallery-image-contain\" ><img loading=\"lazy\" decoding=\"async\" src=\"https:\/\/paukert.ch\/new\/wp-content\/uploads\/2026\/01\/ICE5-1024x682.webp\" width=\"1024\" height=\"682\" alt=\"\" data-full-image=\"https:\/\/paukert.ch\/new\/wp-content\/uploads\/2026\/01\/ICE5.webp\" data-light-image=\"https:\/\/paukert.ch\/new\/wp-content\/uploads\/2026\/01\/ICE5.webp\" data-id=\"2651\" class=\"wp-image-2651 skip-lazy\" srcset=\"https:\/\/paukert.ch\/new\/wp-content\/uploads\/2026\/01\/ICE5-1024x682.webp 1024w, https:\/\/paukert.ch\/new\/wp-content\/uploads\/2026\/01\/ICE5-300x200.webp 300w, https:\/\/paukert.ch\/new\/wp-content\/uploads\/2026\/01\/ICE5-768x512.webp 768w, https:\/\/paukert.ch\/new\/wp-content\/uploads\/2026\/01\/ICE5-1536x1024.webp 1536w, https:\/\/paukert.ch\/new\/wp-content\/uploads\/2026\/01\/ICE5-2048x1365.webp 2048w\" sizes=\"auto, (max-width: 1024px) 100vw, 1024px\" \/><\/div><\/div><\/figure><\/div><\/div><\/li><li class=\"kb-slide-item kb-gallery-carousel-item splide__slide\"><div class=\"kadence-blocks-gallery-item\"><div class=\"kadence-blocks-gallery-item-inner\"><figure class=\"kb-gallery-figure kadence-blocks-gallery-item-hide-caption\"><div class=\"kb-gal-image-radius\"><div class=\"kb-gallery-image-contain\" ><img loading=\"lazy\" decoding=\"async\" src=\"https:\/\/paukert.ch\/new\/wp-content\/uploads\/2026\/01\/ICE3_proteste-1024x576.jpg\" width=\"1024\" height=\"576\" alt=\"\" data-full-image=\"https:\/\/paukert.ch\/new\/wp-content\/uploads\/2026\/01\/ICE3_proteste.jpg\" data-light-image=\"https:\/\/paukert.ch\/new\/wp-content\/uploads\/2026\/01\/ICE3_proteste.jpg\" data-id=\"2649\" class=\"wp-image-2649 skip-lazy\" srcset=\"https:\/\/paukert.ch\/new\/wp-content\/uploads\/2026\/01\/ICE3_proteste-1024x576.jpg 1024w, https:\/\/paukert.ch\/new\/wp-content\/uploads\/2026\/01\/ICE3_proteste-300x169.jpg 300w, https:\/\/paukert.ch\/new\/wp-content\/uploads\/2026\/01\/ICE3_proteste-768x432.jpg 768w, https:\/\/paukert.ch\/new\/wp-content\/uploads\/2026\/01\/ICE3_proteste-1536x864.jpg 1536w, https:\/\/paukert.ch\/new\/wp-content\/uploads\/2026\/01\/ICE3_proteste-2048x1152.jpg 2048w\" sizes=\"auto, (max-width: 1024px) 100vw, 1024px\" \/><\/div><\/div><\/figure><\/div><\/div><\/li><li class=\"kb-slide-item kb-gallery-carousel-item splide__slide\"><div class=\"kadence-blocks-gallery-item\"><div class=\"kadence-blocks-gallery-item-inner\"><figure class=\"kb-gallery-figure kadence-blocks-gallery-item-hide-caption\"><div class=\"kb-gal-image-radius\"><div class=\"kb-gallery-image-contain\" ><img loading=\"lazy\" decoding=\"async\" src=\"https:\/\/paukert.ch\/new\/wp-content\/uploads\/2026\/01\/ICE4.webp\" width=\"720\" height=\"405\" alt=\"\" data-full-image=\"https:\/\/paukert.ch\/new\/wp-content\/uploads\/2026\/01\/ICE4.webp\" data-light-image=\"https:\/\/paukert.ch\/new\/wp-content\/uploads\/2026\/01\/ICE4.webp\" data-id=\"2650\" class=\"wp-image-2650 skip-lazy\" srcset=\"https:\/\/paukert.ch\/new\/wp-content\/uploads\/2026\/01\/ICE4.webp 720w, https:\/\/paukert.ch\/new\/wp-content\/uploads\/2026\/01\/ICE4-300x169.webp 300w\" sizes=\"auto, (max-width: 720px) 100vw, 720px\" \/><\/div><\/div><\/figure><\/div><\/div><\/li><li class=\"kb-slide-item kb-gallery-carousel-item splide__slide\"><div class=\"kadence-blocks-gallery-item\"><div class=\"kadence-blocks-gallery-item-inner\"><figure class=\"kb-gallery-figure kadence-blocks-gallery-item-hide-caption\"><div class=\"kb-gal-image-radius\"><div class=\"kb-gallery-image-contain\" ><img loading=\"lazy\" decoding=\"async\" src=\"https:\/\/paukert.ch\/new\/wp-content\/uploads\/2026\/01\/ICE_2.jpg\" width=\"275\" height=\"183\" alt=\"\" data-full-image=\"https:\/\/paukert.ch\/new\/wp-content\/uploads\/2026\/01\/ICE_2.jpg\" data-light-image=\"https:\/\/paukert.ch\/new\/wp-content\/uploads\/2026\/01\/ICE_2.jpg\" data-id=\"2648\" class=\"wp-image-2648 skip-lazy\"\/><\/div><\/div><\/figure><\/div><\/div><\/li><li class=\"kb-slide-item kb-gallery-carousel-item splide__slide\"><div class=\"kadence-blocks-gallery-item\"><div class=\"kadence-blocks-gallery-item-inner\"><figure class=\"kb-gallery-figure kadence-blocks-gallery-item-hide-caption\"><div class=\"kb-gal-image-radius\"><div class=\"kb-gallery-image-contain\" ><img loading=\"lazy\" decoding=\"async\" src=\"https:\/\/paukert.ch\/new\/wp-content\/uploads\/2026\/01\/ICE-1024x448.jpg\" width=\"1024\" height=\"448\" alt=\"\" data-full-image=\"https:\/\/paukert.ch\/new\/wp-content\/uploads\/2026\/01\/ICE.jpg\" data-light-image=\"https:\/\/paukert.ch\/new\/wp-content\/uploads\/2026\/01\/ICE.jpg\" data-id=\"2647\" class=\"wp-image-2647 skip-lazy\" srcset=\"https:\/\/paukert.ch\/new\/wp-content\/uploads\/2026\/01\/ICE-1024x448.jpg 1024w, https:\/\/paukert.ch\/new\/wp-content\/uploads\/2026\/01\/ICE-300x131.jpg 300w, https:\/\/paukert.ch\/new\/wp-content\/uploads\/2026\/01\/ICE-768x336.jpg 768w, https:\/\/paukert.ch\/new\/wp-content\/uploads\/2026\/01\/ICE.jpg 1280w\" sizes=\"auto, (max-width: 1024px) 100vw, 1024px\" \/><\/div><\/div><\/figure><\/div><\/div><\/li><\/ul><\/div><\/div><\/div><\/div>\n\n\n<p><\/p>\n\n\n\n<p>ICE steht f\u00fcr <strong>Immigration and Customs Enforcement<\/strong>. Es ist eine <strong>Bundesbeh\u00f6rde der USA<\/strong> und geh\u00f6rt zum <strong>Heimatschutzministerium (Department of Homeland Security)<\/strong>.<\/p>\n\n\n\n<h3 class=\"wp-block-heading\">Welche Aufgaben hat ICE?<\/h3>\n\n\n\n<p>ICE hat im Wesentlichen <strong>zwei gro\u00dfe Aufgabenbereiche<\/strong>:<\/p>\n\n\n\n<ol class=\"wp-block-list\">\n<li><strong>Durchsetzung des Einwanderungsrechts (Enforcement &amp; Removal Operations, ERO)<\/strong>\n<ul class=\"wp-block-list\">\n<li>Aufsp\u00fcren, Festnehmen und Abschieben von Menschen, die sich ohne g\u00fcltigen Aufenthaltsstatus in den USA aufhalten<\/li>\n\n\n\n<li>Vollzug von Abschiebungsanordnungen<\/li>\n\n\n\n<li>\u00dcberwachung von Personen im laufenden Einwanderungsverfahren<\/li>\n\n\n\n<li>Betrieb von Abschiebehaftzentren<\/li>\n<\/ul>\n<\/li>\n\n\n\n<li><strong>Bek\u00e4mpfung grenz\u00fcberschreitender Kriminalit\u00e4t (Homeland Security Investigations, HSI)<\/strong>\n<ul class=\"wp-block-list\">\n<li>Menschenhandel, Drogenschmuggel, Waffenhandel<\/li>\n\n\n\n<li>Geldw\u00e4sche, Cyberkriminalit\u00e4t<\/li>\n\n\n\n<li>Schmuggel gef\u00e4lschter Waren<\/li>\n\n\n\n<li>Verfolgung internationaler krimineller Netzwerke<\/li>\n<\/ul>\n<\/li>\n<\/ol>\n\n\n\n<h3 class=\"wp-block-heading\">Ist ICE legal?<\/h3>\n\n\n\n<p>Kurz gesagt: <strong>Ja, ICE ist rechtlich eine legale Bundesbeh\u00f6rde.<\/strong><br>Sie wurde 2003 nach den Anschl\u00e4gen vom 11. September gegr\u00fcndet und arbeitet auf Grundlage von Bundesgesetzen.<\/p>\n\n\n\n<h3 class=\"wp-block-heading\">Warum ist ICE so umstritten?<\/h3>\n\n\n\n<p>Obwohl ICE legal ist, gibt es starke Kritik, unter anderem wegen:<\/p>\n\n\n\n<ul class=\"wp-block-list\">\n<li>Razzien und Festnahmen ohne Vorwarnung<\/li>\n\n\n\n<li>Trennung von Familien<\/li>\n\n\n\n<li>Bedingungen in Abschiebehaftzentren<\/li>\n\n\n\n<li>Festnahmen von Personen ohne Vorstrafen<\/li>\n\n\n\n<li>Eins\u00e4tzen an sensiblen Orten (z. B. nahe Schulen oder Gerichten)<\/li>\n<\/ul>\n\n\n\n<p>Mehrere St\u00e4dte und Bundesstaaten haben deshalb sogenannte <strong>\u201eSanctuary\u201c-Regelungen<\/strong>, bei denen lokale Beh\u00f6rden <strong>nicht aktiv mit ICE kooperieren<\/strong>.<\/p>\n\n\n\n<p>Die Debatte um \u201eSanctuary\u201c-Regelungen ist politisch stark umstritten, und wer genau dazugeh\u00f6rt, h\u00e4ngt davon ab, welche Definition oder Liste man zugrunde legt. Staaten wie <strong>Kalifornien, New York, Illinois oder Colorado<\/strong> tauchen dabei am h\u00e4ufigsten auf.<\/p>\n\n\n\n<p><strong>Bundesstaaten, die in solchen Listen h\u00e4ufig genannt werden:<\/strong><\/p>\n\n\n\n<ul class=\"wp-block-list\">\n<li><strong>Kalifornien (California)<\/strong><\/li>\n\n\n\n<li><strong>Colorado<\/strong><\/li>\n\n\n\n<li><strong>Connecticut<\/strong><\/li>\n\n\n\n<li><strong>Delaware<\/strong><\/li>\n\n\n\n<li><strong>District of Columbia<\/strong> (Bundeshauptstadt, kein Staat, aber oft in der Liste)<\/li>\n\n\n\n<li><strong>Illinois<\/strong><\/li>\n\n\n\n<li><strong>Minnesota<\/strong><\/li>\n\n\n\n<li><strong>New York<\/strong><\/li>\n\n\n\n<li><strong>Oregon<\/strong><\/li>\n\n\n\n<li><strong>Rhode Island<\/strong><\/li>\n\n\n\n<li><strong>Vermont<\/strong><\/li>\n\n\n\n<li><strong>Washington<\/strong><br>(<em>In manchen Listen wird auch Nevada genannt; dort gab es aber Streit und eine sp\u00e4tere Anpassung\/Entfernung.<\/em>)<\/li>\n<\/ul>\n\n\n\n<p>Die USA sind f\u00f6deral organisiert:<\/p>\n\n\n\n<ul class=\"wp-block-list\">\n<li>Einige St\u00e4dte\/Bundesstaaten kooperieren <strong>nicht<\/strong> mit ICE (\u201eSanctuary Cities\u201c)<\/li>\n\n\n\n<li>Andere unterst\u00fctzen ICE aktiv<\/li>\n<\/ul>\n\n\n\n<p>Das f\u00fchrt zu:<\/p>\n\n\n\n<ul class=\"wp-block-list\">\n<li>rechtlichen Konflikten<\/li>\n\n\n\n<li>politischem Schlagabtausch<\/li>\n\n\n\n<li>dem Gef\u00fchl von \u201ezwei Amerikas\u201c<\/li>\n<\/ul>\n\n\n\n<h2 class=\"wp-block-heading\">Migration ist ein Identit\u00e4tsthema geworden<\/h2>\n\n\n\n<blockquote class=\"wp-block-quote is-layout-flow wp-block-quote-is-layout-flow\">\n<p>In den USA geht es bei Einwanderung l\u00e4ngst nicht mehr nur um Gesetze, sondern um die Frage:<br>Was f\u00fcr ein Land wollen wir sein?<\/p>\n<\/blockquote>\n\n\n\n<p>F\u00fcr die einen: <strong>Rechtsstaat &amp; Kontrolle der Grenzen<\/strong><br>F\u00fcr die anderen: <strong>Einwanderungsland &amp; humanit\u00e4re Verantwortung<\/strong><\/p>\n\n\n\n<p>ICE steht genau im Zentrum dieses Konflikts \u2013 und wird dadurch zum Symbol, nicht nur zur Beh\u00f6rde.<\/p>\n\n\n\n<h2 class=\"wp-block-heading\">Unterschiedliche Regierungen, v\u00f6llig unterschiedliche Nutzung von ICE<\/h2>\n\n\n\n<p>Je nach Pr\u00e4sident \u00e4ndert sich die Praxis stark:<\/p>\n\n\n\n<ul class=\"wp-block-list\">\n<li><strong>Streng<\/strong> (mehr Razzien, mehr Abschiebungen)<\/li>\n\n\n\n<li><strong>Zur\u00fcckhaltender<\/strong> (Fokus auf schwere Straft\u00e4ter)<\/li>\n<\/ul>\n\n\n\n<p>Das sorgt daf\u00fcr, dass ICE:<\/p>\n\n\n\n<ul class=\"wp-block-list\">\n<li>mal als \u201enotwendig f\u00fcr Sicherheit\u201c<\/li>\n\n\n\n<li>mal als \u201eInstrument politischer H\u00e4rte\u201c<\/li>\n<\/ul>\n\n\n\n<p>wahrgenommen wird. Jede Kurs\u00e4nderung heizt die Debatte neu an.<\/p>\n\n\n\n<h2 class=\"wp-block-heading\">Bilder &amp; Einzelf\u00e4lle mit gro\u00dfer Wirkung<\/h2>\n\n\n\n<p>Videos von:<\/p>\n\n\n\n<ul class=\"wp-block-list\">\n<li>Festnahmen vor Wohnungen<\/li>\n\n\n\n<li>Familien\u00adtrennungen<\/li>\n\n\n\n<li>Menschen in Abschiebehaft<\/li>\n<\/ul>\n\n\n\n<p>gehen viral und l\u00f6sen starke Emotionen aus \u2013 auch international.<br>Selbst wenn rechtlich gedeckt, wirken viele Eins\u00e4tze <strong>moralisch schockierend.<\/strong><\/p>\n\n\n\n<h3 class=\"wp-block-heading\">Kurz zusammengefasst<\/h3>\n\n\n\n<ul class=\"wp-block-list\">\n<li>ICE ist <strong>legal<\/strong><\/li>\n\n\n\n<li>Zust\u00e4ndig f\u00fcr <strong>Abschiebungen &amp; schwere grenz\u00fcberschreitende Straftaten<\/strong><\/li>\n\n\n\n<li>Politisch und gesellschaftlich <strong>sehr umstritten<\/strong><\/li>\n\n\n\n<li>Ein stark polarisierendes Thema in den USA<\/li>\n<\/ul>\n\n\n<style>.kb-image2646_afcd56-8e.kb-image-is-ratio-size, .kb-image2646_afcd56-8e .kb-image-is-ratio-size{max-width:873px;width:100%;}.wp-block-kadence-column > .kt-inside-inner-col > .kb-image2646_afcd56-8e.kb-image-is-ratio-size, .wp-block-kadence-column > .kt-inside-inner-col > .kb-image2646_afcd56-8e .kb-image-is-ratio-size{align-self:unset;}.kb-image2646_afcd56-8e{max-width:873px;}.image-is-svg.kb-image2646_afcd56-8e{-webkit-flex:0 1 100%;flex:0 1 100%;}.image-is-svg.kb-image2646_afcd56-8e img{width:100%;}.kb-image2646_afcd56-8e .kb-image-has-overlay:after{opacity:0.3;}<\/style>\n<figure class=\"wp-block-kadence-image kb-image2646_afcd56-8e size-large\"><img loading=\"lazy\" decoding=\"async\" width=\"1024\" height=\"683\" src=\"https:\/\/paukert.ch\/new\/wp-content\/uploads\/2026\/01\/rene_good-1024x683.webp\" alt=\"\" class=\"kb-img wp-image-2652\" srcset=\"https:\/\/paukert.ch\/new\/wp-content\/uploads\/2026\/01\/rene_good-1024x683.webp 1024w, https:\/\/paukert.ch\/new\/wp-content\/uploads\/2026\/01\/rene_good-300x200.webp 300w, https:\/\/paukert.ch\/new\/wp-content\/uploads\/2026\/01\/rene_good-768x512.webp 768w, https:\/\/paukert.ch\/new\/wp-content\/uploads\/2026\/01\/rene_good.webp 1200w\" sizes=\"auto, (max-width: 1024px) 100vw, 1024px\" \/><\/figure>\n\n\n\n<h2 class=\"wp-block-heading\">Renee Good, die Amerikanerin, die 37-j\u00e4hrig von einem ICE-Beamten in ihrem Auto erschossen wurde<\/h2>\n\n\n\n<p>Die dreifache Mutter und preisgekr\u00f6nte Dichterin ist zusammen mit ihrer Frau und den drei Kindern erst vor kurzem nach Minneapolis gezogen.<\/p>\n\n\n\n<p>Sie hatte gerade ihren sechsj\u00e4hrigen Sohn zur Schule gebracht. <strong>Renee Good<\/strong> sass am Steuer ihres Autos, das quer in der Portland Avenue von Minneapolis stand, ihre Frau Becca Good auf dem Beifahrersitz. Der SUV blockierte einen Teil der Strasse w\u00e4hrend eines Grosseinsatzes der US-Einwanderungsbeh\u00f6rde ICE, die im Zuge der versch\u00e4rften Migrationspolitik in j\u00fcngster Zeit Immigranten festnimmt. <\/p>\n\n\n\n<p>Mehrere ICE-Beamte trafen bei Renee Goods Auto ein, einer forderte sie auf, das Fahrzeug zu verlassen. Wie Handyvideos zeigen, sagte ihm Good am offenen Fenster noch: \u00abEs ist in Ordnung, Mann, ich bin dir nicht b\u00f6se.\u00bb Als sie dann zur\u00fccksetzte und eine andere Richtung einschlug, trafen sie die t\u00f6dlichen Sch\u00fcsse.<\/p>\n","protected":false},"excerpt":{"rendered":"<p>ICE steht f\u00fcr Immigration and Customs Enforcement. Es ist eine Bundesbeh\u00f6rde der USA und geh\u00f6rt zum Heimatschutzministerium (Department of Homeland Security). Welche Aufgaben hat ICE? ICE hat im Wesentlichen zwei gro\u00dfe Aufgabenbereiche: Ist ICE legal? Kurz gesagt: Ja, ICE ist rechtlich eine legale Bundesbeh\u00f6rde.Sie wurde 2003 nach den Anschl\u00e4gen vom 11. September gegr\u00fcndet und arbeitet&#8230;<\/p>\n","protected":false},"author":1,"featured_media":2648,"comment_status":"open","ping_status":"open","sticky":false,"template":"","format":"standard","meta":{"_kadence_starter_templates_imported_post":false,"_kad_post_transparent":"","_kad_post_title":"","_kad_post_layout":"right","_kad_post_sidebar_id":"sk694_292mgy","_kad_post_content_style":"boxed","_kad_post_vertical_padding":"show","_kad_post_feature":"","_kad_post_feature_position":"","_kad_post_header":false,"_kad_post_footer":false,"_kad_post_classname":"","footnotes":""},"categories":[2],"tags":[],"class_list":["post-2646","post","type-post","status-publish","format-standard","has-post-thumbnail","hentry","category-blogging"],"_links":{"self":[{"href":"https:\/\/paukert.ch\/new\/wp-json\/wp\/v2\/posts\/2646","targetHints":{"allow":["GET"]}}],"collection":[{"href":"https:\/\/paukert.ch\/new\/wp-json\/wp\/v2\/posts"}],"about":[{"href":"https:\/\/paukert.ch\/new\/wp-json\/wp\/v2\/types\/post"}],"author":[{"embeddable":true,"href":"https:\/\/paukert.ch\/new\/wp-json\/wp\/v2\/users\/1"}],"replies":[{"embeddable":true,"href":"https:\/\/paukert.ch\/new\/wp-json\/wp\/v2\/comments?post=2646"}],"version-history":[{"count":8,"href":"https:\/\/paukert.ch\/new\/wp-json\/wp\/v2\/posts\/2646\/revisions"}],"predecessor-version":[{"id":2683,"href":"https:\/\/paukert.ch\/new\/wp-json\/wp\/v2\/posts\/2646\/revisions\/2683"}],"wp:featuredmedia":[{"embeddable":true,"href":"https:\/\/paukert.ch\/new\/wp-json\/wp\/v2\/media\/2648"}],"wp:attachment":[{"href":"https:\/\/paukert.ch\/new\/wp-json\/wp\/v2\/media?parent=2646"}],"wp:term":[{"taxonomy":"category","embeddable":true,"href":"https:\/\/paukert.ch\/new\/wp-json\/wp\/v2\/categories?post=2646"},{"taxonomy":"post_tag","embeddable":true,"href":"https:\/\/paukert.ch\/new\/wp-json\/wp\/v2\/tags?post=2646"}],"curies":[{"name":"wp","href":"https:\/\/api.w.org\/{rel}","templated":true}]}}