{"id":2003,"date":"2025-11-04T14:06:41","date_gmt":"2025-11-04T14:06:41","guid":{"rendered":"https:\/\/paukert.ch\/new\/?p=2003"},"modified":"2026-03-19T10:22:21","modified_gmt":"2026-03-19T10:22:21","slug":"sudan","status":"publish","type":"post","link":"https:\/\/paukert.ch\/new\/2025\/11\/04\/sudan\/","title":{"rendered":"Sudan"},"content":{"rendered":"\n<p><strong>Krise im Sudan: Millionen Kinder in akuter Not<\/strong><\/p>\n\n\n\n<p>UNICEF ist zutiefst ersch\u00fcttert \u00fcber die schrecklichen Bilder und Berichte aus Al-Fashir in Darfur, Sudan.<\/p>\n\n\n\n<p>Seit mehr als 500 Tagen leben Zehntausende Kinder in der Stadt Al-Fashir unter Belagerung durch die Rapid Support Forces (RSF). Die eskalierende Gewalt versch\u00e4rft die Not der Kinder inmitten von Bombardierungen, K\u00e4mpfen und akutem Mangel an Nahrung, Wasser und Medikamenten dramatisch.<\/p>\n\n\n\n<p>\u201cKein Kind ist sicher\u201c, sagte UNICEF-Exekutivdirektorin Catherine Russell. \u201cDas volle Ausmass der aktuellen Gewalt ist aufgrund weitreichender Kommunikationsausf\u00e4lle noch unklar. Sch\u00e4tzungsweise 130.000 Kinder in Al-Fashir sind einem hohen Risiko schwerwiegender Kinderrechtsverletzungen ausgesetzt; es gibt Berichte \u00fcber Entf\u00fchrungen, T\u00f6tungen, Verst\u00fcmmelungen und sexualisierte Gewalt.&#8220; Berichten zufolge wurden auch humanit\u00e4re Helferinnen und Helfer festgenommen oder get\u00f6tet.<\/p>\n\n\n\n<figure class=\"wp-block-image size-large\"><img loading=\"lazy\" decoding=\"async\" width=\"1024\" height=\"576\" src=\"https:\/\/paukert.ch\/new\/wp-content\/uploads\/2025\/11\/sudan_2-1024x576.jpg\" alt=\"\" class=\"wp-image-2317\" srcset=\"https:\/\/paukert.ch\/new\/wp-content\/uploads\/2025\/11\/sudan_2-1024x576.jpg 1024w, https:\/\/paukert.ch\/new\/wp-content\/uploads\/2025\/11\/sudan_2-300x169.jpg 300w, https:\/\/paukert.ch\/new\/wp-content\/uploads\/2025\/11\/sudan_2-768x432.jpg 768w, https:\/\/paukert.ch\/new\/wp-content\/uploads\/2025\/11\/sudan_2-1536x864.jpg 1536w, https:\/\/paukert.ch\/new\/wp-content\/uploads\/2025\/11\/sudan_2.jpg 1920w\" sizes=\"auto, (max-width: 1024px) 100vw, 1024px\" \/><\/figure>\n\n\n\n<h3 class=\"wp-block-heading\"><strong>Die gr\u00f6sste humanit\u00e4re Krise weltweit<\/strong><\/h3>\n\n\n\n<p>\u201cWas ich gesehen habe, war alarmierend. Der Sudan ist die gr\u00f6ssste humanit\u00e4re Krise der Welt. Der Konflikt eskaliert, und Kinder zahlen den h\u00f6chsten Preis\u201d,&nbsp;<a href=\"https:\/\/www.unicef.org\/sudan\/press-releases\/sudan-worlds-largest-humanitarian-crisis-and-children-are-paying-highest-price\" target=\"_blank\" rel=\"noreferrer noopener\"><u>erkl\u00e4rte Ted Chaiban, stellvertretender Exekutivdirektor von UNICEF<\/u><\/a>, nach einer Reise in den Sudan in der vergangenen Woche.<\/p>\n\n\n\n<p>Besonders in den Bundesstaaten Darfur und&nbsp;Kordofan&nbsp;ist die Lage dramatisch &#8211; die Kinder leiden am meisten unter den Folgen des Krieges. \u201cIn Darfur und&nbsp;Kordofan&nbsp;nimmt schwere akute Mangelern\u00e4hrung rapide zu. 1,4 Millionen Kinder leben in Gebieten, die von einer Hungersnot betroffen oder davon bedroht sind. Ohne dringende Behandlung werden Tausende sterben. Allein in Nord-Darfur werden in diesem Jahr voraussichtlich 150.000 Kinder an schwerer akuter Mangelern\u00e4hrung leiden, der t\u00f6dlichsten Form der Mangelern\u00e4hrung\u201d, so&nbsp;Chaiban.<\/p>\n\n\n\n<p>\u00dcberall im Land ist die Gefahr durch Krankheiten wie Cholera, Diphtherie, Malaria und Dengue-Fieber gross, die immer wieder Menschenleben fordern. Das Gesundheitssystem im Sudan liegt in weiten Teilen am Boden.<\/p>\n\n\n\n<h3 class=\"wp-block-heading\"><strong>UNICEF leistet weiter Nothilfe<\/strong><\/h3>\n\n\n\n<p>UNICEF leistet trotz enormer Herausforderungen weiterhin Hilfe im Sudan. Mit Unterst\u00fctzung des Ausw\u00e4rtigen Amtes und des Bundesministeriums f\u00fcr wirtschaftliche Zusammenarbeit und Entwicklung (BMZ) werden Programme in den Bereichen Ern\u00e4hrung, Gesundheit, Wasser und Hygiene, Kinderschutz und Bildung umgesetzt. Dazu z\u00e4hlen zum Beispiel die Verbesserung der Trinkwasserversorgung, Bildungsangebote oder die Unterst\u00fctzung von Stabilisierungszentren und Intensivstationen f\u00fcr Neugeborene.<\/p>\n\n\n\n<p>UNICEF ruft zu einem sofortigen Waffenstillstand und einem Ende der Gewalt auf, fordert sicheren und ungehinderten Zugang f\u00fcr humanit\u00e4re Hilfe, den Schutz der Zivilbev\u00f6lkerung &#8211; insbesondere der Kinder &#8211; sowie die Sicherstellung sicherer Fluchtwege im Einklang mit dem humanit\u00e4ren V\u00f6lkerrecht. Die Verantwortlichen f\u00fcr Kinderrechtsverletzungen m\u00fcssen zur Rechenschaft gezogen werden.<\/p>\n\n\n\n<p><a href=\"https:\/\/www.unicef.de\/informieren\/aktuelles\/presse\/-\/krieg-sudan-kind-al-fashir\/357410\">Krieg im Sudan: Kein Kind in Al-Fashir ist sicher | UNICEF<\/a><\/p>\n","protected":false},"excerpt":{"rendered":"<p>Krise im Sudan: Millionen Kinder in akuter Not UNICEF ist zutiefst ersch\u00fcttert \u00fcber die schrecklichen Bilder und Berichte aus Al-Fashir in Darfur, Sudan. Seit mehr als 500 Tagen leben Zehntausende Kinder in der Stadt Al-Fashir unter Belagerung durch die Rapid Support Forces (RSF). Die eskalierende Gewalt versch\u00e4rft die Not der Kinder inmitten von Bombardierungen, K\u00e4mpfen&#8230;<\/p>\n","protected":false},"author":1,"featured_media":2006,"comment_status":"open","ping_status":"open","sticky":false,"template":"","format":"standard","meta":{"_kadence_starter_templates_imported_post":false,"_kad_post_transparent":"","_kad_post_title":"","_kad_post_layout":"right","_kad_post_sidebar_id":"sk694_292mgy","_kad_post_content_style":"","_kad_post_vertical_padding":"","_kad_post_feature":"","_kad_post_feature_position":"","_kad_post_header":false,"_kad_post_footer":false,"_kad_post_classname":"","footnotes":""},"categories":[2],"tags":[],"class_list":["post-2003","post","type-post","status-publish","format-standard","has-post-thumbnail","hentry","category-blogging"],"_links":{"self":[{"href":"https:\/\/paukert.ch\/new\/wp-json\/wp\/v2\/posts\/2003","targetHints":{"allow":["GET"]}}],"collection":[{"href":"https:\/\/paukert.ch\/new\/wp-json\/wp\/v2\/posts"}],"about":[{"href":"https:\/\/paukert.ch\/new\/wp-json\/wp\/v2\/types\/post"}],"author":[{"embeddable":true,"href":"https:\/\/paukert.ch\/new\/wp-json\/wp\/v2\/users\/1"}],"replies":[{"embeddable":true,"href":"https:\/\/paukert.ch\/new\/wp-json\/wp\/v2\/comments?post=2003"}],"version-history":[{"count":8,"href":"https:\/\/paukert.ch\/new\/wp-json\/wp\/v2\/posts\/2003\/revisions"}],"predecessor-version":[{"id":2318,"href":"https:\/\/paukert.ch\/new\/wp-json\/wp\/v2\/posts\/2003\/revisions\/2318"}],"wp:featuredmedia":[{"embeddable":true,"href":"https:\/\/paukert.ch\/new\/wp-json\/wp\/v2\/media\/2006"}],"wp:attachment":[{"href":"https:\/\/paukert.ch\/new\/wp-json\/wp\/v2\/media?parent=2003"}],"wp:term":[{"taxonomy":"category","embeddable":true,"href":"https:\/\/paukert.ch\/new\/wp-json\/wp\/v2\/categories?post=2003"},{"taxonomy":"post_tag","embeddable":true,"href":"https:\/\/paukert.ch\/new\/wp-json\/wp\/v2\/tags?post=2003"}],"curies":[{"name":"wp","href":"https:\/\/api.w.org\/{rel}","templated":true}]}}